{"id":2287,"date":"2025-10-30T22:30:39","date_gmt":"2025-10-30T22:30:39","guid":{"rendered":"https:\/\/skonnertenmartha.dk\/?p=2287"},"modified":"2026-03-30T21:09:24","modified_gmt":"2026-03-30T20:09:24","slug":"martha-logo-toej","status":"publish","type":"post","link":"https:\/\/skonnertenmartha.dk\/index.php\/2025\/10\/30\/martha-logo-toej\/","title":{"rendered":"Martha logo t\u00f8j"},"content":{"rendered":"<p>[et_pb_section fb_built=&#8221;1&#8243; custom_padding_last_edited=&#8221;on|tablet&#8221; admin_label=&#8221;Packages&#8221; _builder_version=&#8221;4.24.0&#8243; custom_margin=&#8221;||5px|||&#8221; custom_padding=&#8221;110px||0px||false|false&#8221; custom_padding_tablet=&#8221;0px||0px|&#8221; custom_padding_phone=&#8221;&#8221; global_colors_info=&#8221;{}&#8221;][et_pb_row custom_padding_last_edited=&#8221;on|phone&#8221; admin_label=&#8221;Packages Title&#8221; _builder_version=&#8221;4.16&#8243; custom_margin=&#8221;-95px|auto||auto||&#8221; custom_padding=&#8221;0px|0px|27px|0px||&#8221; custom_padding_tablet=&#8221;60px||0px|&#8221; custom_padding_phone=&#8221;&#8221; locked=&#8221;off&#8221; global_colors_info=&#8221;{}&#8221;][et_pb_column type=&#8221;4_4&#8243; _builder_version=&#8221;4.27.2&#8243; _module_preset=&#8221;default&#8221; global_colors_info=&#8221;{}&#8221;][et_pb_text _builder_version=&#8221;4.16&#8243; text_font=&#8221;||||&#8221; text_text_color=&#8221;#1a1a1a&#8221; header_font=&#8221;Oswald|on||on|&#8221; header_text_align=&#8221;center&#8221; header_font_size=&#8221;60px&#8221; header_line_height=&#8221;1.3em&#8221; module_alignment=&#8221;center&#8221; custom_margin=&#8221;||1px|||&#8221; custom_padding=&#8221;|||&#8221; animation_style=&#8221;slide&#8221; animation_direction=&#8221;top&#8221; animation_intensity_slide=&#8221;10%&#8221; locked=&#8221;off&#8221; global_colors_info=&#8221;{}&#8221;]<\/p>\n<h1>Martha logot\u00f8j<\/h1>\n<p>[\/et_pb_text][et_pb_divider color=&#8221;#ed4441&#8243; divider_position=&#8221;center&#8221; divider_weight=&#8221;3px&#8221; disabled_on=&#8221;off|off|off&#8221; _builder_version=&#8221;4.24.0&#8243; max_width=&#8221;150px&#8221; module_alignment=&#8221;center&#8221; height=&#8221;false&#8221; custom_margin=&#8221;10px||||false|false&#8221; animation_style=&#8221;slide&#8221; animation_direction=&#8221;top&#8221; animation_delay=&#8221;100ms&#8221; animation_intensity_slide=&#8221;10%&#8221; locked=&#8221;off&#8221; global_colors_info=&#8221;{}&#8221;][\/et_pb_divider][et_pb_countdown_timer title=&#8221;Bestillingen lukker om&#8221; date_time=&#8221;2026-03-04 23:59&#8243; _builder_version=&#8221;4.27.5&#8243; _module_preset=&#8221;default&#8221; background_color=&#8221;#0C71C3&#8243; use_background_color_gradient=&#8221;on&#8221; hover_transition_duration=&#8221;600ms&#8221; hover_transition_delay=&#8221;50ms&#8221; hover_transition_speed_curve=&#8221;ease-in&#8221; hover_enabled=&#8221;0&#8243; global_colors_info=&#8221;{}&#8221; sticky_enabled=&#8221;0&#8243;][\/et_pb_countdown_timer][et_pb_text _builder_version=&#8221;4.27.2&#8243; _module_preset=&#8221;default&#8221; custom_margin=&#8221;|22px||22px|false|true&#8221; inline_fonts=&#8221;Abhaya Libre&#8221; global_colors_info=&#8221;{}&#8221;]<\/p>\n<p style=\"text-align: justify;\"><span style=\"font-size: x-large;\"><strong><\/strong><\/span><\/p>\n<p style=\"text-align: justify;\"><span style=\"font-size: x-large;\"><strong>L\u00e6kkert t\u00f8j med logo og navn<\/strong><\/span><\/p>\n<p style=\"text-align: justify;\">G\u00e5 ind i den nye s\u00e6son med nyt smart logo t\u00f8j &#8211; eller en gave?\u00a0<\/p>\n<p style=\"text-align: justify;\">\n<p style=\"text-align: justify;\"><strong>BEM\u00c6RK!<\/strong> Samme lave pris \ud83d\ude42<\/p>\n<p style=\"text-align: justify;\">\n<p style=\"text-align: justify;\">Det er super let.<\/p>\n<ul>\n<li style=\"text-align: justify;\">Tryk p\u00e5 bestillingsknappen nedenfor &#8211; login med din Martha profil og bestil.<\/li>\n<\/ul>\n<p>Hvis det driller &#8211; skriv til <a href=\"mailto:sejlads@skonnertenmartha.dk\">sejlads@skonnertenmartha.dk<\/a> med din bestilling eller for at f\u00e5 hj\u00e6lp<\/p>\n<p style=\"text-align: justify;\">\n<p>[\/et_pb_text][\/et_pb_column][\/et_pb_row][et_pb_row _builder_version=&#8221;4.27.2&#8243; _module_preset=&#8221;default&#8221; global_colors_info=&#8221;{}&#8221;][et_pb_column type=&#8221;4_4&#8243; _builder_version=&#8221;4.27.2&#8243; _module_preset=&#8221;default&#8221; global_colors_info=&#8221;{}&#8221;][et_pb_gallery gallery_ids=&#8221;2294,2295,2297,2296&#8243; _builder_version=&#8221;4.27.2&#8243; _module_preset=&#8221;default&#8221; background_enable_color=&#8221;off&#8221; global_colors_info=&#8221;{}&#8221;][\/et_pb_gallery][\/et_pb_column][\/et_pb_row][et_pb_row _builder_version=&#8221;4.27.2&#8243; _module_preset=&#8221;default&#8221; global_colors_info=&#8221;{}&#8221;][et_pb_column type=&#8221;4_4&#8243; _builder_version=&#8221;4.27.2&#8243; _module_preset=&#8221;default&#8221; global_colors_info=&#8221;{}&#8221;][et_pb_button button_url=&#8221;https:\/\/www.conventus.dk\/dataudv\/www\/holdoversigt_ny_iframe.php?foreningsid=13352&#038;afdelingsid=66684&#038;handelsbetingelser=1&#038;reservationer=vis&#038;skjul_nyt_medlem=0&#038;skjul_allerede_medlem=0&#038;raekkefoelge=alfabetisk&#038;vis_adresse=0&#038;knap_placering=horisontal&#038;highlight=pris&#038;start=periode;ledige_pladser&#038;info=tid_sted;alder;betaling;tilmelding;tilmeld_aabner_om;ledere;om_holdet&#038;sprog=auto&#8221; button_text=&#8221;Bestilling af t\u00f8j&#8221; button_alignment=&#8221;center&#8221; _builder_version=&#8221;4.27.4&#8243; _module_preset=&#8221;default&#8221; global_colors_info=&#8221;{}&#8221;][\/et_pb_button][\/et_pb_column][\/et_pb_row][\/et_pb_section][et_pb_section fb_built=&#8221;1&#8243; _builder_version=&#8221;4.27.2&#8243; _module_preset=&#8221;default&#8221; custom_padding=&#8221;21px|||||&#8221; global_colors_info=&#8221;{}&#8221;][et_pb_row _builder_version=&#8221;4.27.2&#8243; _module_preset=&#8221;default&#8221; global_colors_info=&#8221;{}&#8221;][et_pb_column type=&#8221;4_4&#8243; _builder_version=&#8221;4.27.2&#8243; _module_preset=&#8221;default&#8221; global_colors_info=&#8221;{}&#8221;][et_pb_image src=&#8221;https:\/\/skonnertenmartha.dk\/wp-content\/uploads\/2024\/11\/Priser-scaled.jpg&#8221; _builder_version=&#8221;4.27.2&#8243; _module_preset=&#8221;default&#8221; global_colors_info=&#8221;{}&#8221;][\/et_pb_image][\/et_pb_column][\/et_pb_row][\/et_pb_section]<\/p>\n","protected":false},"excerpt":{"rendered":"<p>Martha logot\u00f8j L\u00e6kkert t\u00f8j med logo og navn G\u00e5 ind i den nye s\u00e6son med nyt smart logo t\u00f8j &#8211; eller en gave?\u00a0 BEM\u00c6RK! Samme lave pris \ud83d\ude42 Det er super let. Tryk p\u00e5 bestillingsknappen nedenfor &#8211; login med din Martha profil og bestil. Hvis det driller &#8211; skriv til sejlads@skonnertenmartha.dk med din bestilling eller [&hellip;]<\/p>\n","protected":false},"author":2,"featured_media":2294,"comment_status":"closed","ping_status":"closed","sticky":false,"template":"","format":"quote","meta":{"_et_pb_use_builder":"on","_et_pb_old_content":"","_et_gb_content_width":"","footnotes":""},"categories":[32],"tags":[],"class_list":["post-2287","post","type-post","status-publish","format-quote","has-post-thumbnail","hentry","category-nyhed","post_format-post-format-quote"],"yoast_head":"<!-- This site is optimized with the Yoast SEO plugin v27.2 - https:\/\/yoast.com\/product\/yoast-seo-wordpress\/ -->\n<title>Martha logo t\u00f8j - Skonnerten Martha<\/title>\n<meta name=\"description\" content=\"Bestil nyt smart t\u00f8j med Martha logo p\u00e5.\" \/>\n<meta name=\"robots\" content=\"index, follow, max-snippet:-1, max-image-preview:large, max-video-preview:-1\" \/>\n<link rel=\"canonical\" href=\"https:\/\/skonnertenmartha.dk\/index.php\/2025\/10\/30\/martha-logo-toej\/\" \/>\n<meta property=\"og:locale\" content=\"da_DK\" \/>\n<meta property=\"og:type\" content=\"article\" \/>\n<meta property=\"og:title\" content=\"Martha logo t\u00f8j - Skonnerten Martha\" \/>\n<meta property=\"og:description\" content=\"Bestil nyt smart t\u00f8j med Martha logo p\u00e5.\" \/>\n<meta property=\"og:url\" content=\"https:\/\/skonnertenmartha.dk\/index.php\/2025\/10\/30\/martha-logo-toej\/\" \/>\n<meta property=\"og:site_name\" content=\"Skonnerten Martha\" \/>\n<meta property=\"article:publisher\" content=\"https:\/\/www.facebook.com\/SkonnertenMartha.dk\" \/>\n<meta property=\"article:published_time\" content=\"2025-10-30T22:30:39+00:00\" \/>\n<meta property=\"article:modified_time\" content=\"2026-03-30T20:09:24+00:00\" \/>\n<meta property=\"og:image\" content=\"https:\/\/skonnertenmartha.dk\/wp-content\/uploads\/2024\/11\/IMG_4691-scaled.jpeg\" \/>\n\t<meta property=\"og:image:width\" content=\"2560\" \/>\n\t<meta property=\"og:image:height\" content=\"1920\" \/>\n\t<meta property=\"og:image:type\" content=\"image\/jpeg\" \/>\n<meta name=\"author\" content=\"J\u00f8rgen Groskopf\" \/>\n<meta name=\"twitter:card\" content=\"summary_large_image\" \/>\n<meta name=\"twitter:label1\" content=\"Skrevet af\" \/>\n\t<meta name=\"twitter:data1\" content=\"J\u00f8rgen Groskopf\" \/>\n\t<meta name=\"twitter:label2\" content=\"Estimeret l\u00e6setid\" \/>\n\t<meta name=\"twitter:data2\" content=\"2 minutter\" \/>\n<script type=\"application\/ld+json\" class=\"yoast-schema-graph\">{\"@context\":\"https:\/\/schema.org\",\"@graph\":[{\"@type\":\"Article\",\"@id\":\"https:\/\/skonnertenmartha.dk\/index.php\/2025\/10\/30\/martha-logo-toej\/#article\",\"isPartOf\":{\"@id\":\"https:\/\/skonnertenmartha.dk\/index.php\/2025\/10\/30\/martha-logo-toej\/\"},\"author\":{\"name\":\"J\u00f8rgen Groskopf\",\"@id\":\"https:\/\/skonnertenmartha.dk\/#\/schema\/person\/e1bfb8515bb4c857be517f06ed28d81e\"},\"headline\":\"Martha logo t\u00f8j\",\"datePublished\":\"2025-10-30T22:30:39+00:00\",\"dateModified\":\"2026-03-30T20:09:24+00:00\",\"mainEntityOfPage\":{\"@id\":\"https:\/\/skonnertenmartha.dk\/index.php\/2025\/10\/30\/martha-logo-toej\/\"},\"wordCount\":570,\"publisher\":{\"@id\":\"https:\/\/skonnertenmartha.dk\/#organization\"},\"image\":{\"@id\":\"https:\/\/skonnertenmartha.dk\/index.php\/2025\/10\/30\/martha-logo-toej\/#primaryimage\"},\"thumbnailUrl\":\"https:\/\/skonnertenmartha.dk\/wp-content\/uploads\/2024\/11\/IMG_4691-scaled.jpeg\",\"articleSection\":[\"Nyheder\"],\"inLanguage\":\"da-DK\"},{\"@type\":\"WebPage\",\"@id\":\"https:\/\/skonnertenmartha.dk\/index.php\/2025\/10\/30\/martha-logo-toej\/\",\"url\":\"https:\/\/skonnertenmartha.dk\/index.php\/2025\/10\/30\/martha-logo-toej\/\",\"name\":\"Martha logo t\u00f8j - Skonnerten Martha\",\"isPartOf\":{\"@id\":\"https:\/\/skonnertenmartha.dk\/#website\"},\"primaryImageOfPage\":{\"@id\":\"https:\/\/skonnertenmartha.dk\/index.php\/2025\/10\/30\/martha-logo-toej\/#primaryimage\"},\"image\":{\"@id\":\"https:\/\/skonnertenmartha.dk\/index.php\/2025\/10\/30\/martha-logo-toej\/#primaryimage\"},\"thumbnailUrl\":\"https:\/\/skonnertenmartha.dk\/wp-content\/uploads\/2024\/11\/IMG_4691-scaled.jpeg\",\"datePublished\":\"2025-10-30T22:30:39+00:00\",\"dateModified\":\"2026-03-30T20:09:24+00:00\",\"description\":\"Bestil nyt smart t\u00f8j med Martha logo p\u00e5.\",\"breadcrumb\":{\"@id\":\"https:\/\/skonnertenmartha.dk\/index.php\/2025\/10\/30\/martha-logo-toej\/#breadcrumb\"},\"inLanguage\":\"da-DK\",\"potentialAction\":[{\"@type\":\"ReadAction\",\"target\":[\"https:\/\/skonnertenmartha.dk\/index.php\/2025\/10\/30\/martha-logo-toej\/\"]}]},{\"@type\":\"ImageObject\",\"inLanguage\":\"da-DK\",\"@id\":\"https:\/\/skonnertenmartha.dk\/index.php\/2025\/10\/30\/martha-logo-toej\/#primaryimage\",\"url\":\"https:\/\/skonnertenmartha.dk\/wp-content\/uploads\/2024\/11\/IMG_4691-scaled.jpeg\",\"contentUrl\":\"https:\/\/skonnertenmartha.dk\/wp-content\/uploads\/2024\/11\/IMG_4691-scaled.jpeg\",\"width\":2560,\"height\":1920,\"caption\":\"Onesize hue. Den nye trend fra Vejle breder sig til hele landet\"},{\"@type\":\"BreadcrumbList\",\"@id\":\"https:\/\/skonnertenmartha.dk\/index.php\/2025\/10\/30\/martha-logo-toej\/#breadcrumb\",\"itemListElement\":[{\"@type\":\"ListItem\",\"position\":1,\"name\":\"Hjem\",\"item\":\"https:\/\/skonnertenmartha.dk\/\"},{\"@type\":\"ListItem\",\"position\":2,\"name\":\"Martha logo t\u00f8j\"}]},{\"@type\":\"WebSite\",\"@id\":\"https:\/\/skonnertenmartha.dk\/#website\",\"url\":\"https:\/\/skonnertenmartha.dk\/\",\"name\":\"Skonnertenmartha.dk\",\"description\":\"\",\"publisher\":{\"@id\":\"https:\/\/skonnertenmartha.dk\/#organization\"},\"alternateName\":\"skonnert.dk\",\"potentialAction\":[{\"@type\":\"SearchAction\",\"target\":{\"@type\":\"EntryPoint\",\"urlTemplate\":\"https:\/\/skonnertenmartha.dk\/?s={search_term_string}\"},\"query-input\":{\"@type\":\"PropertyValueSpecification\",\"valueRequired\":true,\"valueName\":\"search_term_string\"}}],\"inLanguage\":\"da-DK\"},{\"@type\":\"Organization\",\"@id\":\"https:\/\/skonnertenmartha.dk\/#organization\",\"name\":\"Foreningen til Skonnerten Marthas Restaurering\",\"alternateName\":\"Martha foreningen\",\"url\":\"https:\/\/skonnertenmartha.dk\/\",\"logo\":{\"@type\":\"ImageObject\",\"inLanguage\":\"da-DK\",\"@id\":\"https:\/\/skonnertenmartha.dk\/#\/schema\/logo\/image\/\",\"url\":\"https:\/\/skonnertenmartha.dk\/wp-content\/uploads\/2023\/11\/martah_roed.png\",\"contentUrl\":\"https:\/\/skonnertenmartha.dk\/wp-content\/uploads\/2023\/11\/martah_roed.png\",\"width\":1200,\"height\":1200,\"caption\":\"Foreningen til Skonnerten Marthas Restaurering\"},\"image\":{\"@id\":\"https:\/\/skonnertenmartha.dk\/#\/schema\/logo\/image\/\"},\"sameAs\":[\"https:\/\/www.facebook.com\/SkonnertenMartha.dk\",\"https:\/\/www.instagram.com\/skonnerten_martha\/\",\"https:\/\/www.facebook.com\/groups\/skonnertenmartha.dk\"]},{\"@type\":\"Person\",\"@id\":\"https:\/\/skonnertenmartha.dk\/#\/schema\/person\/e1bfb8515bb4c857be517f06ed28d81e\",\"name\":\"J\u00f8rgen Groskopf\",\"image\":{\"@type\":\"ImageObject\",\"inLanguage\":\"da-DK\",\"@id\":\"https:\/\/secure.gravatar.com\/avatar\/9f17185a7382b895425593b1628605d1bb8cd01eb333816e15a514067b53b34e?s=96&d=mm&r=g\",\"url\":\"https:\/\/secure.gravatar.com\/avatar\/9f17185a7382b895425593b1628605d1bb8cd01eb333816e15a514067b53b34e?s=96&d=mm&r=g\",\"contentUrl\":\"https:\/\/secure.gravatar.com\/avatar\/9f17185a7382b895425593b1628605d1bb8cd01eb333816e15a514067b53b34e?s=96&d=mm&r=g\",\"caption\":\"J\u00f8rgen Groskopf\"},\"url\":\"https:\/\/skonnertenmartha.dk\/index.php\/author\/jorgen\/\"}]}<\/script>\n<!-- \/ Yoast SEO plugin. -->","yoast_head_json":{"title":"Martha logo t\u00f8j - Skonnerten Martha","description":"Bestil nyt smart t\u00f8j med Martha logo p\u00e5.","robots":{"index":"index","follow":"follow","max-snippet":"max-snippet:-1","max-image-preview":"max-image-preview:large","max-video-preview":"max-video-preview:-1"},"canonical":"https:\/\/skonnertenmartha.dk\/index.php\/2025\/10\/30\/martha-logo-toej\/","og_locale":"da_DK","og_type":"article","og_title":"Martha logo t\u00f8j - Skonnerten Martha","og_description":"Bestil nyt smart t\u00f8j med Martha logo p\u00e5.","og_url":"https:\/\/skonnertenmartha.dk\/index.php\/2025\/10\/30\/martha-logo-toej\/","og_site_name":"Skonnerten Martha","article_publisher":"https:\/\/www.facebook.com\/SkonnertenMartha.dk","article_published_time":"2025-10-30T22:30:39+00:00","article_modified_time":"2026-03-30T20:09:24+00:00","og_image":[{"width":2560,"height":1920,"url":"https:\/\/skonnertenmartha.dk\/wp-content\/uploads\/2024\/11\/IMG_4691-scaled.jpeg","type":"image\/jpeg"}],"author":"J\u00f8rgen Groskopf","twitter_card":"summary_large_image","twitter_misc":{"Skrevet af":"J\u00f8rgen Groskopf","Estimeret l\u00e6setid":"2 minutter"},"schema":{"@context":"https:\/\/schema.org","@graph":[{"@type":"Article","@id":"https:\/\/skonnertenmartha.dk\/index.php\/2025\/10\/30\/martha-logo-toej\/#article","isPartOf":{"@id":"https:\/\/skonnertenmartha.dk\/index.php\/2025\/10\/30\/martha-logo-toej\/"},"author":{"name":"J\u00f8rgen Groskopf","@id":"https:\/\/skonnertenmartha.dk\/#\/schema\/person\/e1bfb8515bb4c857be517f06ed28d81e"},"headline":"Martha logo t\u00f8j","datePublished":"2025-10-30T22:30:39+00:00","dateModified":"2026-03-30T20:09:24+00:00","mainEntityOfPage":{"@id":"https:\/\/skonnertenmartha.dk\/index.php\/2025\/10\/30\/martha-logo-toej\/"},"wordCount":570,"publisher":{"@id":"https:\/\/skonnertenmartha.dk\/#organization"},"image":{"@id":"https:\/\/skonnertenmartha.dk\/index.php\/2025\/10\/30\/martha-logo-toej\/#primaryimage"},"thumbnailUrl":"https:\/\/skonnertenmartha.dk\/wp-content\/uploads\/2024\/11\/IMG_4691-scaled.jpeg","articleSection":["Nyheder"],"inLanguage":"da-DK"},{"@type":"WebPage","@id":"https:\/\/skonnertenmartha.dk\/index.php\/2025\/10\/30\/martha-logo-toej\/","url":"https:\/\/skonnertenmartha.dk\/index.php\/2025\/10\/30\/martha-logo-toej\/","name":"Martha logo t\u00f8j - Skonnerten Martha","isPartOf":{"@id":"https:\/\/skonnertenmartha.dk\/#website"},"primaryImageOfPage":{"@id":"https:\/\/skonnertenmartha.dk\/index.php\/2025\/10\/30\/martha-logo-toej\/#primaryimage"},"image":{"@id":"https:\/\/skonnertenmartha.dk\/index.php\/2025\/10\/30\/martha-logo-toej\/#primaryimage"},"thumbnailUrl":"https:\/\/skonnertenmartha.dk\/wp-content\/uploads\/2024\/11\/IMG_4691-scaled.jpeg","datePublished":"2025-10-30T22:30:39+00:00","dateModified":"2026-03-30T20:09:24+00:00","description":"Bestil nyt smart t\u00f8j med Martha logo p\u00e5.","breadcrumb":{"@id":"https:\/\/skonnertenmartha.dk\/index.php\/2025\/10\/30\/martha-logo-toej\/#breadcrumb"},"inLanguage":"da-DK","potentialAction":[{"@type":"ReadAction","target":["https:\/\/skonnertenmartha.dk\/index.php\/2025\/10\/30\/martha-logo-toej\/"]}]},{"@type":"ImageObject","inLanguage":"da-DK","@id":"https:\/\/skonnertenmartha.dk\/index.php\/2025\/10\/30\/martha-logo-toej\/#primaryimage","url":"https:\/\/skonnertenmartha.dk\/wp-content\/uploads\/2024\/11\/IMG_4691-scaled.jpeg","contentUrl":"https:\/\/skonnertenmartha.dk\/wp-content\/uploads\/2024\/11\/IMG_4691-scaled.jpeg","width":2560,"height":1920,"caption":"Onesize hue. Den nye trend fra Vejle breder sig til hele landet"},{"@type":"BreadcrumbList","@id":"https:\/\/skonnertenmartha.dk\/index.php\/2025\/10\/30\/martha-logo-toej\/#breadcrumb","itemListElement":[{"@type":"ListItem","position":1,"name":"Hjem","item":"https:\/\/skonnertenmartha.dk\/"},{"@type":"ListItem","position":2,"name":"Martha logo t\u00f8j"}]},{"@type":"WebSite","@id":"https:\/\/skonnertenmartha.dk\/#website","url":"https:\/\/skonnertenmartha.dk\/","name":"Skonnertenmartha.dk","description":"","publisher":{"@id":"https:\/\/skonnertenmartha.dk\/#organization"},"alternateName":"skonnert.dk","potentialAction":[{"@type":"SearchAction","target":{"@type":"EntryPoint","urlTemplate":"https:\/\/skonnertenmartha.dk\/?s={search_term_string}"},"query-input":{"@type":"PropertyValueSpecification","valueRequired":true,"valueName":"search_term_string"}}],"inLanguage":"da-DK"},{"@type":"Organization","@id":"https:\/\/skonnertenmartha.dk\/#organization","name":"Foreningen til Skonnerten Marthas Restaurering","alternateName":"Martha foreningen","url":"https:\/\/skonnertenmartha.dk\/","logo":{"@type":"ImageObject","inLanguage":"da-DK","@id":"https:\/\/skonnertenmartha.dk\/#\/schema\/logo\/image\/","url":"https:\/\/skonnertenmartha.dk\/wp-content\/uploads\/2023\/11\/martah_roed.png","contentUrl":"https:\/\/skonnertenmartha.dk\/wp-content\/uploads\/2023\/11\/martah_roed.png","width":1200,"height":1200,"caption":"Foreningen til Skonnerten Marthas Restaurering"},"image":{"@id":"https:\/\/skonnertenmartha.dk\/#\/schema\/logo\/image\/"},"sameAs":["https:\/\/www.facebook.com\/SkonnertenMartha.dk","https:\/\/www.instagram.com\/skonnerten_martha\/","https:\/\/www.facebook.com\/groups\/skonnertenmartha.dk"]},{"@type":"Person","@id":"https:\/\/skonnertenmartha.dk\/#\/schema\/person\/e1bfb8515bb4c857be517f06ed28d81e","name":"J\u00f8rgen Groskopf","image":{"@type":"ImageObject","inLanguage":"da-DK","@id":"https:\/\/secure.gravatar.com\/avatar\/9f17185a7382b895425593b1628605d1bb8cd01eb333816e15a514067b53b34e?s=96&d=mm&r=g","url":"https:\/\/secure.gravatar.com\/avatar\/9f17185a7382b895425593b1628605d1bb8cd01eb333816e15a514067b53b34e?s=96&d=mm&r=g","contentUrl":"https:\/\/secure.gravatar.com\/avatar\/9f17185a7382b895425593b1628605d1bb8cd01eb333816e15a514067b53b34e?s=96&d=mm&r=g","caption":"J\u00f8rgen Groskopf"},"url":"https:\/\/skonnertenmartha.dk\/index.php\/author\/jorgen\/"}]}},"_links":{"self":[{"href":"https:\/\/skonnertenmartha.dk\/index.php\/wp-json\/wp\/v2\/posts\/2287","targetHints":{"allow":["GET"]}}],"collection":[{"href":"https:\/\/skonnertenmartha.dk\/index.php\/wp-json\/wp\/v2\/posts"}],"about":[{"href":"https:\/\/skonnertenmartha.dk\/index.php\/wp-json\/wp\/v2\/types\/post"}],"author":[{"embeddable":true,"href":"https:\/\/skonnertenmartha.dk\/index.php\/wp-json\/wp\/v2\/users\/2"}],"replies":[{"embeddable":true,"href":"https:\/\/skonnertenmartha.dk\/index.php\/wp-json\/wp\/v2\/comments?post=2287"}],"version-history":[{"count":14,"href":"https:\/\/skonnertenmartha.dk\/index.php\/wp-json\/wp\/v2\/posts\/2287\/revisions"}],"predecessor-version":[{"id":3639,"href":"https:\/\/skonnertenmartha.dk\/index.php\/wp-json\/wp\/v2\/posts\/2287\/revisions\/3639"}],"wp:featuredmedia":[{"embeddable":true,"href":"https:\/\/skonnertenmartha.dk\/index.php\/wp-json\/wp\/v2\/media\/2294"}],"wp:attachment":[{"href":"https:\/\/skonnertenmartha.dk\/index.php\/wp-json\/wp\/v2\/media?parent=2287"}],"wp:term":[{"taxonomy":"category","embeddable":true,"href":"https:\/\/skonnertenmartha.dk\/index.php\/wp-json\/wp\/v2\/categories?post=2287"},{"taxonomy":"post_tag","embeddable":true,"href":"https:\/\/skonnertenmartha.dk\/index.php\/wp-json\/wp\/v2\/tags?post=2287"}],"curies":[{"name":"wp","href":"https:\/\/api.w.org\/{rel}","templated":true}]}}